{"id":854,"date":"2012-09-30T12:46:49","date_gmt":"2012-09-30T12:46:49","guid":{"rendered":"http:\/\/www.vita-blog.de\/?p=854"},"modified":"2019-08-29T20:34:11","modified_gmt":"2019-08-29T20:34:11","slug":"trainer-fur-ressourcenmanagement","status":"publish","type":"post","link":"https:\/\/www.vita-blog.de\/?p=854","title":{"rendered":"Trainer f\u00fcr Ressourcenmanagement"},"content":{"rendered":"<p>Leistungsf\u00e4higkeit und Gesundheit sind zentrale und wichtige Themen f\u00fcr uns geworden. In den letzten Jahren hat zwar die Zahl der Krankheitstage durch somatische &#8211; also k\u00f6rperliche \u2013 Erkrankungen stetig abgenommen, aber hinter dieser Zahl liegt erst die ganze Wahrheit: Zugenommen haben in den letzten Jahren in alarmierendem Ma\u00dfe depressive Erkrankungen, schwere chronische Erkrankungen, Allergien und Aufmerksamkeitsst\u00f6rungen.<\/p>\n<p>In weniger als Hundert Jahren haben wir gelernt, Naturgesetze deren G\u00fcltigkeit und Wirksamkeit seit Jahrtausenden unangetastet waren, zuerst zu ignorieren, um sie dann zu vergessen: Biorhythmen, gesunde Ern\u00e4hrung, Licht und Luft, Bewegung und K\u00f6rperbewusstsein, Gedankenkraft, Entspannung und Lebensfreude. Naturgegeben besitzen wir alles, was wir brauchen \u2013 alle Mittel, alle Kr\u00e4fte und F\u00e4higkeiten, um ein gesundes kraft- und freudvolles Leben zu f\u00fchren.<\/p>\n<p>Viele Menschen k\u00f6nnen sich nicht mit ihrem Beruf identifizieren und leiden darunter. Kinder und Jugendliche haben Schwierigkeiten sich anzupassen, ihre Nischen zu finden. Diese Erscheinungen sind in hohem Ma\u00dfe, wenn nicht g\u00e4nzlich, psychosomatischen Ursprungs und haben eine fatale Auswirkung auf den Menschen im Ganzen und damit nat\u00fcrlich auch auf seine Gesundheit und langfristige Leistungsf\u00e4higkeit in Schule und Beruf.<\/p>\n<p>In der modernen Arbeitswelt sind daher neue Beraterkompetenzen gefragt. Trainer f\u00fcr Gesundheitliches Ressourcenmanagement beraten, trainieren und coachen die ihnen anvertrauten Menschen. Gesundheitsbildende Ma\u00dfnahmen werden individuell und unter Ber\u00fccksichtigung der vorhandenen Strukturen auf die Organisation und die Menschen, die ihr angeh\u00f6ren, abgestimmt. Neben der konventionellen Gesundheitsf\u00f6rderung, stehen h\u00f6chst effiziente, leicht integrierbare Interventionen im Mittelpunkt.<\/p>\n","protected":false},"excerpt":{"rendered":"<p>Leistungsf\u00e4higkeit und Gesundheit sind zentrale und wichtige Themen f\u00fcr uns geworden. In den letzten Jahren hat zwar die Zahl der Krankheitstage durch somatische &#8211; also k\u00f6rperliche \u2013 Erkrankungen stetig abgenommen, aber hinter dieser Zahl liegt erst die ganze Wahrheit: Zugenommen &hellip; <a href=\"https:\/\/www.vita-blog.de\/?p=854\">Weiterlesen <span class=\"meta-nav\">&rarr;<\/span><\/a><\/p>\n","protected":false},"author":2,"featured_media":0,"comment_status":"closed","ping_status":"closed","sticky":false,"template":"","format":"standard","meta":[],"categories":[1,371,307],"tags":[200,381,6,163,41],"_links":{"self":[{"href":"https:\/\/www.vita-blog.de\/index.php?rest_route=\/wp\/v2\/posts\/854"}],"collection":[{"href":"https:\/\/www.vita-blog.de\/index.php?rest_route=\/wp\/v2\/posts"}],"about":[{"href":"https:\/\/www.vita-blog.de\/index.php?rest_route=\/wp\/v2\/types\/post"}],"author":[{"embeddable":true,"href":"https:\/\/www.vita-blog.de\/index.php?rest_route=\/wp\/v2\/users\/2"}],"replies":[{"embeddable":true,"href":"https:\/\/www.vita-blog.de\/index.php?rest_route=%2Fwp%2Fv2%2Fcomments&post=854"}],"version-history":[{"count":9,"href":"https:\/\/www.vita-blog.de\/index.php?rest_route=\/wp\/v2\/posts\/854\/revisions"}],"predecessor-version":[{"id":1605,"href":"https:\/\/www.vita-blog.de\/index.php?rest_route=\/wp\/v2\/posts\/854\/revisions\/1605"}],"wp:attachment":[{"href":"https:\/\/www.vita-blog.de\/index.php?rest_route=%2Fwp%2Fv2%2Fmedia&parent=854"}],"wp:term":[{"taxonomy":"category","embeddable":true,"href":"https:\/\/www.vita-blog.de\/index.php?rest_route=%2Fwp%2Fv2%2Fcategories&post=854"},{"taxonomy":"post_tag","embeddable":true,"href":"https:\/\/www.vita-blog.de\/index.php?rest_route=%2Fwp%2Fv2%2Ftags&post=854"}],"curies":[{"name":"wp","href":"https:\/\/api.w.org\/{rel}","templated":true}]}}